{"id":6715,"date":"2022-03-12T17:09:57","date_gmt":"2022-03-12T16:09:57","guid":{"rendered":"https:\/\/www.digital-eyes.fr\/fr\/?p=6715"},"modified":"2022-03-12T17:50:00","modified_gmt":"2022-03-12T16:50:00","slug":"mise-a-jour-de-larcep-pour-le-deploiement-de-la-fibre","status":"publish","type":"post","link":"https:\/\/www.digital-eyes.fr\/fr\/mise-a-jour-de-larcep-pour-le-deploiement-de-la-fibre\/","title":{"rendered":"Mise \u00e0 jour de l&#8217;ARCEP pour le d\u00e9ploiement de la fibre"},"content":{"rendered":"<p>[et_pb_section fb_built=&#8221;1&#8243; _builder_version=&#8221;4.14.7&#8243; _module_preset=&#8221;default&#8221; global_colors_info=&#8221;{}&#8221; theme_builder_area=&#8221;post_content&#8221;][et_pb_row _builder_version=&#8221;4.14.7&#8243; _module_preset=&#8221;default&#8221; global_colors_info=&#8221;{}&#8221; theme_builder_area=&#8221;post_content&#8221;][et_pb_column type=&#8221;4_4&#8243; _builder_version=&#8221;4.14.7&#8243; _module_preset=&#8221;default&#8221; global_colors_info=&#8221;{}&#8221; theme_builder_area=&#8221;post_content&#8221;][et_pb_image src=&#8221;https:\/\/www.digital-eyes.fr\/wp-content\/uploads\/2022\/03\/carte-fibre-arcep-T4-2021.jpg&#8221; title_text=&#8221;carte-fibre-arcep-T4-2021&#8243; _builder_version=&#8221;4.14.7&#8243; _module_preset=&#8221;default&#8221; global_colors_info=&#8221;{}&#8221; theme_builder_area=&#8221;post_content&#8221;][\/et_pb_image][et_pb_text _builder_version=&#8221;4.14.7&#8243; _module_preset=&#8221;default&#8221; global_colors_info=&#8221;{}&#8221; theme_builder_area=&#8221;post_content&#8221;]<\/p>\n<p>Vous r\u00eavez d&#8217;un internet plus rapide, voire m\u00eame simplement d&#8217;un internet &#8220;utilisable&#8221; ? Peut-\u00eatre \u00eates-vous d\u00e9j\u00e0 \u00e9ligible \u00e0 la fibre optique (technologie qui remplace l&#8217;ADSL et qui permet des d\u00e9bits d\u00e9cupl\u00e9s). Pour le savoir, vous pouvez commencer par regarder le site de l&#8217;ARCEP (Autorit\u00e9 de r\u00e9gulation des communications \u00e9lectroniques, des postes et de la distribution de la presse).<\/p>\n<p>La base donn\u00e9es du site a \u00e9t\u00e9 mise \u00e0 jour le 10 mars et montre l&#8217;\u00e9tat du<a href=\"https:\/\/cartefibre.arcep.fr\/index.html?lng=3.0000000000000284&amp;lat=46&amp;zoom=6.584962500721156&amp;mode=normal&amp;legende=true&amp;filter=true&amp;trimestre=2021T4\"> d\u00e9ploiement de la fibre optique<\/a> sur le territoire fran\u00e7ais pour le 4\u00e8 trimestre 2021.<\/p>\n<p>Une fois sur le site <a href=\"https:\/\/cartefibre.arcep.fr\/\">Carte Fibre de l&#8217;ARCEP<\/a>, indiquez votre adresse (ou au moins votre code postal) dans le champ situ\u00e9 en haut \u00e0 gauche et une fois valid\u00e9, retrouvez votre domicile ou bureau\/commerce\/local. Si \u00e0 votre adresse, le point est vert alors vous \u00eates \u00e9ligibles vous pouvez contacter votre op\u00e9rateur pour qu&#8217;il vous donne plus de renseignements.<\/p>\n<p><span style=\"font-size: 16px;\">Vous n&#8217;\u00eates toujours pas \u00e9ligibles \u00e0 la fibre optique, votre <strong>connexion internet est lente ou instable<\/strong> ? Contactez-nous, il existe des solutions pour vous permettre de booster et fiabiliser votre connexion internet avec de la 4G ou 5G tout en gardant l&#8217;acc\u00e8s distant \u00e0 vos serveurs, ou services install\u00e9s chez vous. En plus de vous permettre d&#8217;<strong>augmenter vos d\u00e9bits internet<\/strong>, vous aurez une solution pour <strong>garder votre connexion disponible y compris en cas de panne d&#8217;ADSL, c\u00e2ble, ou fibre optique<\/strong>.<\/span><\/p>\n<p>[\/et_pb_text][\/et_pb_column][\/et_pb_row][\/et_pb_section]<\/p>\n","protected":false},"excerpt":{"rendered":"<p>Le site de l&#8217;ARCEP met \u00e0 jour la carte de d\u00e9ploiement de la fibre optique en France<\/p>\n","protected":false},"author":3,"featured_media":6722,"comment_status":"open","ping_status":"open","sticky":false,"template":"","format":"standard","meta":{"_et_pb_use_builder":"on","_et_pb_old_content":"","_et_gb_content_width":""},"categories":[11,43],"tags":[],"_links":{"self":[{"href":"https:\/\/www.digital-eyes.fr\/fr\/wp-json\/wp\/v2\/posts\/6715"}],"collection":[{"href":"https:\/\/www.digital-eyes.fr\/fr\/wp-json\/wp\/v2\/posts"}],"about":[{"href":"https:\/\/www.digital-eyes.fr\/fr\/wp-json\/wp\/v2\/types\/post"}],"author":[{"embeddable":true,"href":"https:\/\/www.digital-eyes.fr\/fr\/wp-json\/wp\/v2\/users\/3"}],"replies":[{"embeddable":true,"href":"https:\/\/www.digital-eyes.fr\/fr\/wp-json\/wp\/v2\/comments?post=6715"}],"version-history":[{"count":4,"href":"https:\/\/www.digital-eyes.fr\/fr\/wp-json\/wp\/v2\/posts\/6715\/revisions"}],"predecessor-version":[{"id":6723,"href":"https:\/\/www.digital-eyes.fr\/fr\/wp-json\/wp\/v2\/posts\/6715\/revisions\/6723"}],"wp:featuredmedia":[{"embeddable":true,"href":"https:\/\/www.digital-eyes.fr\/fr\/wp-json\/wp\/v2\/media\/6722"}],"wp:attachment":[{"href":"https:\/\/www.digital-eyes.fr\/fr\/wp-json\/wp\/v2\/media?parent=6715"}],"wp:term":[{"taxonomy":"category","embeddable":true,"href":"https:\/\/www.digital-eyes.fr\/fr\/wp-json\/wp\/v2\/categories?post=6715"},{"taxonomy":"post_tag","embeddable":true,"href":"https:\/\/www.digital-eyes.fr\/fr\/wp-json\/wp\/v2\/tags?post=6715"}],"curies":[{"name":"wp","href":"https:\/\/api.w.org\/{rel}","templated":true}]}}